{"id":646,"date":"2009-10-12T10:19:20","date_gmt":"2009-10-12T08:19:20","guid":{"rendered":"http:\/\/www.epicuria.fr\/?p=646"},"modified":"2009-10-12T10:19:20","modified_gmt":"2009-10-12T08:19:20","slug":"pommes-damour","status":"publish","type":"post","link":"http:\/\/www.epicuria.fr\/index.php\/2009\/10\/12\/646-pommes-damour\/","title":{"rendered":"Pommes d&rsquo;amour"},"content":{"rendered":"<p>Voici une recette qui vous rappellera, j&rsquo;en suis s\u00fbr, de merveilleux souvenirs d&rsquo;enfance quand ces belles pommes d&rsquo;amour nous faisaient tous r\u00eaver !<\/p>\n<p>Et pourquoi ne pas les confectionner nous-m\u00eames, un air de f\u00eate foraine \u00e0 la maison !<\/p>\n<p>C&rsquo;est facile et d\u00e9licieux !<\/p>\n<p><strong>Ingr\u00e9dients<\/strong><\/p>\n<p>6 pommes Golden<br \/>\n10 cl d\u2019eau<br \/>\n100 g de beurre<br \/>\n400 g de sucre en poudre<br \/>\n2 clous de girofle<br \/>\n\u00bd b\u00e2ton de cannelle<br \/>\n1 cuill\u00e8re \u00e0 caf\u00e9 de colorant alimentaire rouge<br \/>\n1 cuill\u00e8re \u00e0 soupe de jus de citron<\/p>\n<p><img loading=\"lazy\" class=\"aligncenter size-full wp-image-648\" title=\"pommes-damour\" src=\"https:\/\/i0.wp.com\/epicuria.twivi.com\/wp-content\/uploads\/sites\/6\/2009\/10\/pommes-damour-1.jpg?resize=500%2C332\" alt=\"pommes-damour\" width=\"500\" height=\"332\" data-recalc-dims=\"1\" \/><\/p>\n<p><strong>Pr\u00e9paration<\/strong><\/p>\n<p>1.Laver les pommes et retirer leur queue.<br \/>\n2.Planter un petit b\u00e2tonnet en bois dans chaque pomme.<br \/>\n3.Dans une casserole, faire fondre le beurre \u00e0 feu doux.<br \/>\n4.Ajouter le sucre, le jus de citron, l\u2019eau, la cannelle et les clous de girofle. Il faut veiller \u00e0 ne pas briser le b\u00e2ton de cannelle.<br \/>\n5.Bien m\u00e9langer pour dissoudre le sucre dans le liquide.<br \/>\n6.Laisser r\u00e9duire et laisser l\u00e9g\u00e8rement caram\u00e9liser : il faut que la texture se situe entre le caramel et le sirop.<br \/>\n7.Retirer du feu.<br \/>\n8.Retirer la cannelle et les clous de girofle.<br \/>\n9.Verser le colorant rouge en faisant attention aux \u00e9claboussures.<br \/>\n10.Tremper chaque pomme dans le sirop pour qu&rsquo;il recouvre compl\u00e8tement le fruit.<br \/>\n11.Plonger les pommes d&rsquo;amour dans un saladier d&rsquo;eau bien froide pour faire durcir le caramel.<br \/>\n12.Les poser pique en l&rsquo;air sur du papier sulfuris\u00e9 et ensuite les servir.<\/p>\n","protected":false},"excerpt":{"rendered":"<p>Un air de f\u00eate foraine \u00e0 la maison !<\/p>\n","protected":false},"author":18,"featured_media":2964,"comment_status":"open","ping_status":"open","sticky":false,"template":"","format":"standard","meta":{"spay_email":"","jetpack_publicize_message":"","jetpack_is_tweetstorm":false,"jetpack_publicize_feature_enabled":true},"categories":[2,5,6],"tags":[216,217],"jetpack_featured_media_url":"https:\/\/i0.wp.com\/www.epicuria.fr\/wp-content\/uploads\/sites\/6\/2009\/10\/pommes-damour-1.jpg?fit=500%2C332","jetpack_publicize_connections":[],"jetpack_sharing_enabled":true,"jetpack-related-posts":[{"id":671,"url":"http:\/\/www.epicuria.fr\/index.php\/2009\/10\/08\/671-verrine-a-la-creme-aux-pommes-et-raisins-secs\/","url_meta":{"origin":646,"position":0},"title":"Verrine \u00e0 la cr\u00e8me aux pommes et raisins secs","date":"8 octobre 2009","format":false,"excerpt":"Un dessert plein d\u2019onctuosit\u00e9 \u00e0 mi-chemin entre une compote et une mousse. Un vrai r\u00e9gal !","rel":"","context":"Dans &quot;Actualit\u00e9&quot;","img":{"alt_text":"","src":"https:\/\/i0.wp.com\/www.epicuria.fr\/wp-content\/uploads\/sites\/6\/2009\/10\/pommes-1.jpg?fit=500%2C375&resize=350%2C200","width":350,"height":200},"classes":[]},{"id":917,"url":"http:\/\/www.epicuria.fr\/index.php\/2009\/12\/01\/917-gateau-aux-pommes-a-la-cannelle\/","url_meta":{"origin":646,"position":1},"title":"G\u00e2teau aux pommes \u00e0 la cannelle","date":"1 d\u00e9cembre 2009","format":false,"excerpt":"Les saveurs de No\u00ebl.","rel":"","context":"Dans &quot;Actualit\u00e9&quot;","img":{"alt_text":"","src":"https:\/\/i0.wp.com\/www.epicuria.fr\/wp-content\/uploads\/sites\/6\/2009\/12\/gateau-aux-pommes-a-la-cannelle-1.jpg?fit=500%2C460&resize=350%2C200","width":350,"height":200},"classes":[]},{"id":655,"url":"http:\/\/www.epicuria.fr\/index.php\/2009\/10\/09\/655-pommes-meringuees-aux-raisins-secs-et-a-la-cannelle\/","url_meta":{"origin":646,"position":2},"title":"Pommes meringu\u00e9es aux raisins secs et \u00e0 la cannelle","date":"9 octobre 2009","format":false,"excerpt":"Voici un dessert l\u00e9ger d\u2019origine normande. Facile \u00e0 pr\u00e9parer et tr\u00e8s jolie \u00e0 l'\u0153il !","rel":"","context":"Dans &quot;Actualit\u00e9&quot;","img":{"alt_text":"","src":"https:\/\/i0.wp.com\/www.epicuria.fr\/wp-content\/uploads\/sites\/6\/2009\/10\/pommes-meringuees-1.jpeg?fit=450%2C338&resize=350%2C200","width":350,"height":200},"classes":[]},{"id":23,"url":"http:\/\/www.epicuria.fr\/index.php\/2007\/07\/11\/23-mon-peche-mignon-les-pommes-damour\/","url_meta":{"origin":646,"position":3},"title":"Mon p\u00e9ch\u00e9 mignon : les pommes d&rsquo;amour","date":"11 juillet 2007","format":false,"excerpt":"Ce soir je m'adresse \u00e0 toutes nos lectrices avec une recette tout sucre : La Pomme d'Amour. Rapide \u00e0 faire, c'est un bonheur pour retomber en enfance ! Essuyez les fruits, retirez la queue, enfoncez profond\u00e9ment une pointe en bois \u00e0 la place de la queue. Faites fondre le sucre\u2026","rel":"","context":"Dans &quot;Dessert&quot;","img":{"alt_text":"","src":"https:\/\/i0.wp.com\/www.epicuria.fr\/wp-content\/uploads\/sites\/6\/2007\/07\/amour-1.jpg?fit=300%2C212&resize=350%2C200","width":350,"height":200},"classes":[]},{"id":661,"url":"http:\/\/www.epicuria.fr\/index.php\/2009\/10\/11\/661-riz-au-lait-pommes-et-sauce-caramel-aux-raisins-secs\/","url_meta":{"origin":646,"position":4},"title":"Riz au lait, pommes et sauce caramel aux raisins secs","date":"11 octobre 2009","format":false,"excerpt":"Du riz au lait avec des pommes : c'est d\u00e9licieux !","rel":"","context":"Dans &quot;Actualit\u00e9&quot;","img":{"alt_text":"","src":"https:\/\/i0.wp.com\/www.epicuria.fr\/wp-content\/uploads\/sites\/6\/2009\/10\/riz_pommes_raisins-secs-1.jpg?fit=500%2C375&resize=350%2C200","width":350,"height":200},"classes":[]},{"id":2364,"url":"http:\/\/www.epicuria.fr\/index.php\/2011\/01\/11\/2364-choucroute-garnie\/","url_meta":{"origin":646,"position":5},"title":"Choucroute garnie","date":"11 janvier 2011","format":false,"excerpt":"En hiver, on a envie de se nourrir le corps et l'esprit avec des plats chauds, consistants, revigorants... Pour vous r\u00e9galer, nous vous proposons donc une d\u00e9licieuse choucroute cuite avec des charcuteries et pommes de terre. Viande, f\u00e9culents et l\u00e9gumes, voici un plat complet qui ravira toute la famille !\u2026","rel":"","context":"Dans &quot;Actualit\u00e9&quot;","img":{"alt_text":"","src":"https:\/\/i0.wp.com\/www.epicuria.fr\/wp-content\/uploads\/sites\/6\/2011\/01\/choucroute-1.jpg?fit=500%2C333&resize=350%2C200","width":350,"height":200},"classes":[]}],"_links":{"self":[{"href":"http:\/\/www.epicuria.fr\/index.php\/wp-json\/wp\/v2\/posts\/646"}],"collection":[{"href":"http:\/\/www.epicuria.fr\/index.php\/wp-json\/wp\/v2\/posts"}],"about":[{"href":"http:\/\/www.epicuria.fr\/index.php\/wp-json\/wp\/v2\/types\/post"}],"author":[{"embeddable":true,"href":"http:\/\/www.epicuria.fr\/index.php\/wp-json\/wp\/v2\/users\/18"}],"replies":[{"embeddable":true,"href":"http:\/\/www.epicuria.fr\/index.php\/wp-json\/wp\/v2\/comments?post=646"}],"version-history":[{"count":0,"href":"http:\/\/www.epicuria.fr\/index.php\/wp-json\/wp\/v2\/posts\/646\/revisions"}],"wp:featuredmedia":[{"embeddable":true,"href":"http:\/\/www.epicuria.fr\/index.php\/wp-json\/wp\/v2\/media\/2964"}],"wp:attachment":[{"href":"http:\/\/www.epicuria.fr\/index.php\/wp-json\/wp\/v2\/media?parent=646"}],"wp:term":[{"taxonomy":"category","embeddable":true,"href":"http:\/\/www.epicuria.fr\/index.php\/wp-json\/wp\/v2\/categories?post=646"},{"taxonomy":"post_tag","embeddable":true,"href":"http:\/\/www.epicuria.fr\/index.php\/wp-json\/wp\/v2\/tags?post=646"}],"curies":[{"name":"wp","href":"https:\/\/api.w.org\/{rel}","templated":true}]}}