{"id":618,"date":"2009-10-02T10:44:50","date_gmt":"2009-10-02T08:44:50","guid":{"rendered":"http:\/\/www.epicuria.fr\/?p=618"},"modified":"2009-10-02T10:44:50","modified_gmt":"2009-10-02T08:44:50","slug":"confiture-de-potiron-a-la-vanille","status":"publish","type":"post","link":"http:\/\/www.epicuria.fr\/index.php\/2009\/10\/02\/618-confiture-de-potiron-a-la-vanille\/","title":{"rendered":"Confiture de potiron \u00e0 la vanille"},"content":{"rendered":"<p>Sur une tartine au petit-d\u00e9jeuner, c&rsquo;est le parfait d\u00e9but de la journ\u00e9e !<\/p>\n<p><strong>Ingr\u00e9dients<\/strong><\/p>\n<p>800 g de chair de potiron<br \/>\n600 g de sucre semoule<br \/>\n2 citrons<br \/>\n2 gousses de vanille<\/p>\n<p><img loading=\"lazy\" src=\"https:\/\/i0.wp.com\/epicuria.twivi.com\/wp-content\/uploads\/sites\/6\/2009\/10\/confiture_potiron.jpg?resize=500%2C500\" alt=\"confiture_potiron\" title=\"confiture_potiron\" width=\"500\" height=\"500\" class=\"aligncenter size-full wp-image-623\" data-recalc-dims=\"1\" \/><\/p>\n<p><strong>Pr\u00e9paration<\/strong><\/p>\n<p>1.Eplucher le potiron et couper la chaire en cubes.<br \/>\n2.Dans une terrine, d\u00e9poser le potiron, le sucre semoule, le jus des citrons, la vanille fendue en deux.<br \/>\n3.Laisser mac\u00e9rer 24 heures.<br \/>\n4.Porter le tout \u00e0 \u00e9bullition et faire cuire pendant 30 min environ.<br \/>\n5.Ecumer et enlever la vanille.<br \/>\n6.Mixer et faire recuire 10 minutes. V\u00e9rifier la consistance : la confiture est cuite lorsque la chair du potiron devient transparente.<br \/>\n7.Verser dans des pots en verre. Retourner les pot, cela permet de pouvoir conserver la confiture tr\u00e8s longtemps.<\/p>\n<p><strong>Suggestion<\/strong> : mettre un petit b\u00e2ton de vanille avant de fermer les pots. Vous pouvez \u00e9galement pr\u00e9parer une confiture de potiron m\u00e9lang\u00e9 avec des agrumes (oranges et citrons) coup\u00e9es en tranche fines.<\/p>\n","protected":false},"excerpt":{"rendered":"<p>Sur une tartine au petit-d\u00e9jeuner, c&rsquo;est le parfait d\u00e9but de la journ\u00e9e !<\/p>\n","protected":false},"author":18,"featured_media":2961,"comment_status":"open","ping_status":"open","sticky":false,"template":"","format":"standard","meta":{"spay_email":"","jetpack_publicize_message":"","jetpack_is_tweetstorm":false,"jetpack_publicize_feature_enabled":true},"categories":[2,6],"tags":[221],"jetpack_featured_media_url":"https:\/\/i0.wp.com\/www.epicuria.fr\/wp-content\/uploads\/sites\/6\/2009\/10\/confiture_potiron.jpg?fit=500%2C500","jetpack_publicize_connections":[],"jetpack_sharing_enabled":true,"jetpack-related-posts":[{"id":605,"url":"http:\/\/www.epicuria.fr\/index.php\/2009\/09\/30\/605-glace-au-potiron\/","url_meta":{"origin":618,"position":0},"title":"Glace au potiron","date":"30 septembre 2009","format":false,"excerpt":"Une glace inhabituelle mais d\u00e9licieuse !","rel":"","context":"Dans &quot;Actualit\u00e9&quot;","img":{"alt_text":"","src":"https:\/\/i0.wp.com\/www.epicuria.fr\/wp-content\/uploads\/sites\/6\/2009\/09\/potirons-1.jpg?fit=500%2C333&resize=350%2C200","width":350,"height":200},"classes":[]},{"id":626,"url":"http:\/\/www.epicuria.fr\/index.php\/2009\/10\/04\/626-flan-au-potiron\/","url_meta":{"origin":618,"position":1},"title":"Flan au potiron","date":"4 octobre 2009","format":false,"excerpt":"Rapide et tr\u00e8s bon, ce plat satisfera tout les fans de potiron. Un r\u00e9gal !","rel":"","context":"Dans &quot;Actualit\u00e9&quot;","img":{"alt_text":"","src":"https:\/\/i0.wp.com\/www.epicuria.fr\/wp-content\/uploads\/sites\/6\/2009\/10\/flan-de-potiron.jpg?fit=500%2C378&resize=350%2C200","width":350,"height":200},"classes":[]},{"id":2184,"url":"http:\/\/www.epicuria.fr\/index.php\/2010\/10\/28\/2184-pain-depices-au-potiron\/","url_meta":{"origin":618,"position":2},"title":"Pain d&rsquo;\u00e9pices au potiron","date":"28 octobre 2010","format":false,"excerpt":"Ce qui est bien avec le potiron, c'est qu'il se plie \u00e0 toutes les fantaisies : sucr\u00e9 ou sal\u00e9, tout lui convient et il se marie \u00e0 merveille \u00e0 plein d'\u00e9pices. Voici donc la recette d'un pain doux et \u00e9pic\u00e9 \u00e0 la fois qui va vous a r\u00e9galer au moment\u2026","rel":"","context":"Dans &quot;Actualit\u00e9&quot;","img":{"alt_text":"","src":"https:\/\/i0.wp.com\/www.epicuria.fr\/wp-content\/uploads\/sites\/6\/2010\/10\/pain-depices-au-potiron-1.jpg?fit=500%2C375&resize=350%2C200","width":350,"height":200},"classes":[]},{"id":2115,"url":"http:\/\/www.epicuria.fr\/index.php\/2010\/10\/22\/2115-tarte-sucree-au-potiron\/","url_meta":{"origin":618,"position":3},"title":"Tarte sucr\u00e9e au potiron","date":"22 octobre 2010","format":false,"excerpt":"Ce g\u00e2teau est une des grandes sp\u00e9cialit\u00e9s nord-am\u00e9ricaines. On le pr\u00e9pare sp\u00e9cialement pour les f\u00eates de Halloween, Thanksgiving et No\u00ebl.","rel":"","context":"Dans &quot;Actualit\u00e9&quot;","img":{"alt_text":"","src":"https:\/\/i0.wp.com\/www.epicuria.fr\/wp-content\/uploads\/sites\/6\/2010\/10\/tarte-sucree-au-potiron-1.jpg?fit=400%2C300&resize=350%2C200","width":350,"height":200},"classes":[]},{"id":2193,"url":"http:\/\/www.epicuria.fr\/index.php\/2010\/10\/29\/2193-creme-de-potiron-et-foie-gras\/","url_meta":{"origin":618,"position":4},"title":"Cr\u00e8me de potiron et foie gras","date":"29 octobre 2010","format":false,"excerpt":"Ingr\u00e9dients 120 g de foie gras 300 g de chair de potiron 1 oignon 10 cl de cr\u00e8me fra\u00eeche 30 cl de fond de volaille 50 g de beurre Pr\u00e9paration 1.Nettoyer et hacher l'oignon. 2.Eplucher le potiron et couper sa chair en petits morceaux. 3.Dans une po\u00eale, faire suer l'oignon\u2026","rel":"","context":"Dans &quot;Actualit\u00e9&quot;","img":{"alt_text":"","src":"https:\/\/i0.wp.com\/www.epicuria.fr\/wp-content\/uploads\/sites\/6\/2010\/10\/creme-de-potiron-et-foie-gras.jpg?fit=272%2C315&resize=350%2C200","width":350,"height":200},"classes":[]},{"id":437,"url":"http:\/\/www.epicuria.fr\/index.php\/2009\/08\/11\/437-confiture-de-pasteque\/","url_meta":{"origin":618,"position":5},"title":"Confiture de past\u00e8que","date":"11 ao\u00fbt 2009","format":false,"excerpt":"A tout moment de la journ\u00e9e, sur une tranche de pain croustillant, un r\u00e9gal ! Ingr\u00e9dients pour 1 kg de chair \u00e9p\u00e9pin\u00e9e il faut compter 1 kg de sucre cristallis\u00e9 1 citron non trait\u00e9 1 gousse de vanille Pr\u00e9paration 1.Couper les past\u00e8ques, les peler et enlever les graines. 2.Dans une\u2026","rel":"","context":"Dans &quot;Actualit\u00e9&quot;","img":{"alt_text":"","src":"https:\/\/i0.wp.com\/www.epicuria.fr\/wp-content\/uploads\/sites\/6\/2009\/08\/confiture-pasteque-1.jpg?fit=490%2C370&resize=350%2C200","width":350,"height":200},"classes":[]}],"_links":{"self":[{"href":"http:\/\/www.epicuria.fr\/index.php\/wp-json\/wp\/v2\/posts\/618"}],"collection":[{"href":"http:\/\/www.epicuria.fr\/index.php\/wp-json\/wp\/v2\/posts"}],"about":[{"href":"http:\/\/www.epicuria.fr\/index.php\/wp-json\/wp\/v2\/types\/post"}],"author":[{"embeddable":true,"href":"http:\/\/www.epicuria.fr\/index.php\/wp-json\/wp\/v2\/users\/18"}],"replies":[{"embeddable":true,"href":"http:\/\/www.epicuria.fr\/index.php\/wp-json\/wp\/v2\/comments?post=618"}],"version-history":[{"count":0,"href":"http:\/\/www.epicuria.fr\/index.php\/wp-json\/wp\/v2\/posts\/618\/revisions"}],"wp:featuredmedia":[{"embeddable":true,"href":"http:\/\/www.epicuria.fr\/index.php\/wp-json\/wp\/v2\/media\/2961"}],"wp:attachment":[{"href":"http:\/\/www.epicuria.fr\/index.php\/wp-json\/wp\/v2\/media?parent=618"}],"wp:term":[{"taxonomy":"category","embeddable":true,"href":"http:\/\/www.epicuria.fr\/index.php\/wp-json\/wp\/v2\/categories?post=618"},{"taxonomy":"post_tag","embeddable":true,"href":"http:\/\/www.epicuria.fr\/index.php\/wp-json\/wp\/v2\/tags?post=618"}],"curies":[{"name":"wp","href":"https:\/\/api.w.org\/{rel}","templated":true}]}}