{"id":37,"date":"2008-05-01T15:52:53","date_gmt":"2008-05-01T13:52:53","guid":{"rendered":"http:\/\/www.epicuria.fr\/?p=36"},"modified":"2008-05-01T15:52:53","modified_gmt":"2008-05-01T13:52:53","slug":"la-recette-de-la-tarte-tatin","status":"publish","type":"post","link":"http:\/\/www.epicuria.fr\/index.php\/2008\/05\/01\/37-la-recette-de-la-tarte-tatin\/","title":{"rendered":"La recette de la tarte tatin !!!"},"content":{"rendered":"<p>Avant de rentrer dans le vif du sujet, un peu de culture&#8230; revenons sur la <strong>l\u00e9gende de l&rsquo;origine de la tarte tatin ;).<\/strong><br \/>\nLa l\u00e9gende dit que la tarte Tatin a vu le jour en Sologne, \u00e0 la fin du XIXe si\u00e8cle. Les s\u0153urs Tatin y tenaient alors un h\u00f4tel-restaurant tr\u00e8s fr\u00e9quent\u00e9, situ\u00e9 face \u00e0 la gare. Caroline, la plus \u00e2g\u00e9e, recevait la client\u00e8le. Sa sp\u00e9cialit\u00e9 \u00e9tait la tarte aux pommes, qu&rsquo;elle servait caram\u00e9lis\u00e9e et fondante !<br \/>\nLa fameuse tarte Tatin naquit-elle d\u2019une maladresse ? Les s\u0153urs firent-elles tomber la tarte avant de d\u00e9cider de la renfourner \u00e0 l&rsquo;envers pour la \u201crattraper\u201d ? La r\u00e9alit\u00e9 est sans doute moins pittoresque : la tarte \u00ab\u00a0renvers\u00e9e\u00a0\u00bb aux pommes ou aux poires \u00e9tait en fait une ancienne sp\u00e9cialit\u00e9 solognote que l&rsquo;on retrouvait dans tous l&rsquo;Orl\u00e9anais, et qui fut simplement rendue c\u00e9l\u00e8bre par les s\u0153urs Tatin.<\/p>\n<p>Allez apr\u00e8s cette jolie introduction, passons \u00e0 l&rsquo;action ;).<\/p>\n<p><strong>COMMENT PREPARER LA TARTE TATIN ?<br \/>\n1\/ PRINCIPAUX INGREDIENTS !!!<\/strong><\/p>\n<p><em>1) Du caramel<\/em><br \/>\n<img src='https:\/\/i0.wp.com\/www.marmiton.org\/pixcontent\/E18D3163-432E-4525-BD8E-48B4961ECEFE\/DDC61A7B-15C5-E5B6-7D71-C96CF87A84B4\/caramel.jpg?w=696' alt='' class='alignnone' data-recalc-dims=\"1\" \/> <\/p>\n<p>Fait \u00e0 partir de beurre et de sucre, le caramel de la tarte Tatin se pr\u00e9pare traditionnellement en m\u00eame temps que la cuisson, avec les pommes. La combinaison des trois ingr\u00e9dients permet en effet d&rsquo;obtenir un caramel tr\u00e8s moelleux et parfum\u00e9 gr\u00e2ce au jus des fruits.<\/p>\n<p>Toutefois, cette m\u00e9thode est difficile \u00e0 ma\u00eetriser car il est d\u00e9licat de tester la caram\u00e9lisation sans ab\u00eemer les pommes. N&rsquo;h\u00e9sitez pas, si vous souhaitez aller au plus simple, \u00e0 pr\u00e9parer votre caramel au pr\u00e9alable. Pr\u00e9f\u00e9rez alors un caramel \u00e0 sec car il br\u00fble moins vite, en ajoutant le beurre une fois que le sucre est fondu et dor\u00e9 (vous trouverez la m\u00e9thode un peu plus loin dans le \u00ab\u00a0pas \u00e0 pas\u00a0\u00bb). \u00c0 ce stade, certains cuisiniers audacieux ajoutent un peu de cr\u00e8me fra\u00eeche dans le caramel, ce qui le rend encore plus onctueux.<\/p>\n<p>Vous pouvez utiliser un beurre demi-sel, qui r\u00e9v\u00e8le tr\u00e8s bien le go\u00fbt du caramel.<\/p>\n<p><em>2) Des pommes<\/em><br \/>\n<img src='https:\/\/i0.wp.com\/www.marmiton.org\/pixcontent\/E18D3163-432E-4525-BD8E-48B4961ECEFE\/DDC61A7B-15C5-E5B6-7D71-C96CF87A84B4\/reinettes.jpg?w=696' alt='' class='alignnone' data-recalc-dims=\"1\" \/><\/p>\n<p>Il faut des pommes acides pour bien se marier avec le caramel. Elles doivent \u00e9galement \u00eatre fondantes mais \u00ab\u00a0se tenir\u00a0\u00bb \u00e0 la cuisson pour ne pas se transformer en compote.<\/p>\n<p>Les plus utilis\u00e9es sont les Reinettes, que ce soit la jaune vein\u00e9e de rouge ou la \u00ab\u00a0Reinette du Canada\u00a0\u00bb, mais vous pouvez \u00e9galement pr\u00e9parer votre Tatin avec des Elstar, des Boskoop, des Cox, des Melrose ou des Idared.<\/p>\n<p><em>3) De la p\u00e2te<\/em><br \/>\n<img src='https:\/\/i0.wp.com\/www.marmiton.org\/pixcontent\/E18D3163-432E-4525-BD8E-48B4961ECEFE\/DDC61A7B-15C5-E5B6-7D71-C96CF87A84B4\/pate-brisee.jpg?w=696' alt='' class='alignnone' data-recalc-dims=\"1\" \/><\/p>\n<p>Les puristes revendiquent la p\u00e2te bris\u00e9e. Facile et rapide \u00e0 pr\u00e9parer, plus l\u00e9g\u00e8re que la p\u00e2te feuillet\u00e9e, c&rsquo;\u00e9tait s\u00fbrement celle qui \u00e9tait pr\u00e9par\u00e9e par les s\u0153urs Tatin. Une seule r\u00e8gle : pr\u00e9parez-la vous-m\u00eame en suivant les instructions de la vid\u00e9o de la rubrique \u00ab\u00a0pratique\u00a0\u00bb.<br \/>\nCertains gourmands la pr\u00e9f\u00e8rent toutefois avec de la p\u00e2te feuillet\u00e9e, ce qui ne fait pas d&rsquo;eux des h\u00e9r\u00e9tiques de la tarte Tatin selon la confr\u00e9rie des Lichonneux (ouf, on a eu peur, d&rsquo;autant plus que le magicien Pierre Herm\u00e9 utilise une pate feuillet\u00e9e dans le fameux Larousse des desserts). Pr\u00e9parez-la vous-m\u00eame si vous en avez le temps et le courage. Sinon, achetez une p\u00e2te pur beurre et de bonne qualit\u00e9 (on en trouve d&rsquo;excellentes dans les magasins d&rsquo;aliments surgel\u00e9s).<\/p>\n<p>&nbsp;<br \/>\n<strong>2\/ LE MATERIEL !<\/strong><br \/>\nCertaines marques proposent des moules sp\u00e9ciaux pour les tartes Tatin, en inox ou encore en fonte \u00e9maill\u00e9e, mais ils ne sont pas indispensables \u00e0 la r\u00e9ussite de la recette. Traditionnellement un moule en cuivre \u00e9tam\u00e9, profond de 6 cm, \u00e9tait utilis\u00e9 par les s\u0153urs Tatin. Aujourd&rsquo;hui, on se contente le plus souvent d&rsquo;un moule \u00e0 manqu\u00e9 suffisamment profond pour contenir les pommes, de pr\u00e9f\u00e9rence anti-adh\u00e9rent.<br \/>\n<img src='https:\/\/i0.wp.com\/www.marmiton.org\/pixcontent\/E18D3163-432E-4525-BD8E-48B4961ECEFE\/DDC61A7B-15C5-E5B6-7D71-C96CF87A84B4\/pommes-tarte-moule2.jpg?w=696' alt='' class='alignnone' data-recalc-dims=\"1\" \/> <\/p>\n<p>Par ailleurs, il est pr\u00e9f\u00e9rable que le moule supporte la flamme du gaz en plus de la cuisson au four, afin de pouvoir travailler le caramel directement dans le plat. C&rsquo;est plus facile, mais pas indispensable non plus : vous pouvez \u00e9galement pr\u00e9parer votre caramel dans une po\u00eale puis le transf\u00e9rer ensuite dans le moule.<\/p>\n<p>Si vous avez une po\u00eale antiadh\u00e9sive \u00e0 poign\u00e9e amovible, c&rsquo;est tr\u00e8s bien aussi. Pensez \u00e0 \u00f4ter la poign\u00e9e avant d&rsquo;enfourner !<br \/>\n <img src='https:\/\/i0.wp.com\/www.marmiton.org\/pixcontent\/E18D3163-432E-4525-BD8E-48B4961ECEFE\/DDC61A7B-15C5-E5B6-7D71-C96CF87A84B4\/sucre.jpg?w=696' alt='' class='alignnone' data-recalc-dims=\"1\" \/><\/p>\n<p>\u00c0 \u00e9viter : les moules \u00e0 charni\u00e8res, sauf si vous voulez voir le fond de votre four couvert de belles coul\u00e9es de caramel&#8230; Dans tous les cas, placez une grande feuille de papier d&rsquo;aluminium au fond de votre four, sous la tarte, au cas o\u00f9 le caramel d\u00e9borderait.<\/p>\n<p>Pour le reste, pr\u00e9voyez un bon couteau pour peler et couper les pommes, et c&rsquo;est parti !<\/p>\n<p>&nbsp;<\/p>\n<p><strong>3\/ PREPARATION ETAPE PAR ETAPE !<\/strong><br \/>\nCette recette a toujours beaucoup de succ\u00e8s !<\/p>\n<p><img src='https:\/\/i0.wp.com\/www.marmiton.org\/pixcontent\/E18D3163-432E-4525-BD8E-48B4961ECEFE\/DDC61A7B-15C5-E5B6-7D71-C96CF87A84B4\/part-tatin3.jpg?w=696' alt='' class='alignnone' data-recalc-dims=\"1\" \/><\/p>\n<p><strong>Ingr\u00e9dients :<\/strong><\/p>\n<p>\u2022    1,5 kg de pommes (ici, des Reinettes du Canada)<br \/>\n\u2022    60 g de beurre<br \/>\n\u2022    150 g de sucre en poudre<br \/>\n\u2022    1 abaisse de p\u00e2te bris\u00e9e, dont le diam\u00e8tre est l\u00e9g\u00e8rement sup\u00e9rieur \u00e0 celui du moule<\/p>\n<p><strong>Pr\u00e9paration : <\/strong><br \/>\nPr\u00e9parez un caramel \u00e0 sec. Versez le sucre seul dans le moule \u00e0 feu vif et laissez-le blondir. Inclinez le moule dans tous les sens pour m\u00e9langer le caramel et lui assurer une cuisson homog\u00e8ne. Quand il est dor\u00e9, ajoutez le beurre coup\u00e9 en d\u00e9s, laissez-le fondre. Retirez le moule du feu.<\/p>\n<p><strong>Pr\u00e9chauffez votre four \u00e0 180 \u00b0C.<\/strong><br \/>\n\u00c9pluchez les pommes, \u00e9videz-les, coupez-les en 4 gros quartiers et d\u00e9posez-les sur la partie bomb\u00e9e, en faisant en sorte qu\u2019elles se chevauchent l\u00e9g\u00e8rement, au fond du plat (commencez par les bords et finissez par le centre). Remplissez les interstices \u00e9ventuels avec des grosses tranches et des petits morceaux.<br \/>\n&gt; Certains saupoudrent les pommes de sucre vanill\u00e9 et\/ou de cannelle. Faites selon vos go\u00fbts.<\/p>\n<p>D\u00e9posez la p\u00e2te bris\u00e9e sur les pommes, faites l\u00e9g\u00e8rement entrer les bords dans le moule et placez le tout au four pendant 45 minutes.<\/p>\n<p>Une fois la cuisson termin\u00e9e, laissez reposer la tarte pendant une quinzaine de minutes. Posez ensuite un plat de service sur le moule et retournez-le vivement.<\/p>\n<p>Il ne vous reste plus qu&rsquo;\u00e0 servir cette tarte ti\u00e8de. Si vous souhaitez demander votre intronisation dans la confr\u00e9rie des Lichonneux, point d&rsquo;accompagnement ! Servez votre tarte Tatin nature. Mais si vous \u00eates de temp\u00e9rament rebelle, sachez que la cr\u00e8me fra\u00eeche, fouett\u00e9e ou pas, l&rsquo;accompagne \u00e0 merveille car sa fra\u00eecheur acidul\u00e9e contrebalance parfaitement la douceur de la tarte. Certains l&rsquo;aiment aussi avec une boule de glace \u00e0 la vanille.<\/p>\n<p>Remarque : si vous avez pr\u00e9par\u00e9 votre tarte \u00e0 l&rsquo;avance, faites-la simplement r\u00e9chauffer pendant une dizaine de minutes \u00e0 four doux. <\/p>\n<p>Voil\u00e0 j&rsquo;esp\u00e8re que \u00e7a vous plaira, j&rsquo;attend vos commentaires ;).<\/p>\n","protected":false},"excerpt":{"rendered":"<p>Avant de rentrer dans le vif du sujet, un peu de culture&#8230; revenons sur la l\u00e9gende de l&rsquo;origine de la tarte tatin ;). La l\u00e9gende dit que la tarte Tatin a vu le jour en Sologne, \u00e0 la fin du XIXe si\u00e8cle. Les s\u0153urs Tatin y tenaient alors un h\u00f4tel-restaurant tr\u00e8s fr\u00e9quent\u00e9, situ\u00e9 face \u00e0 [&hellip;]<\/p>\n","protected":false},"author":18,"featured_media":0,"comment_status":"open","ping_status":"open","sticky":false,"template":"","format":"standard","meta":{"spay_email":"","jetpack_publicize_message":"","jetpack_is_tweetstorm":false,"jetpack_publicize_feature_enabled":true},"categories":[5,6],"tags":[266],"jetpack_featured_media_url":"","jetpack_publicize_connections":[],"jetpack_sharing_enabled":true,"jetpack-related-posts":[{"id":2011,"url":"http:\/\/www.epicuria.fr\/index.php\/2010\/09\/28\/2011-tarte-aux-raisins\/","url_meta":{"origin":37,"position":0},"title":"Tarte aux raisins","date":"28 septembre 2010","format":false,"excerpt":"Voici une recette facile et gourmande de tarte aux raisins qui en ravira plus d'un. Une excellente sp\u00e9cialit\u00e9 d'automne.","rel":"","context":"Dans &quot;Actualit\u00e9&quot;","img":{"alt_text":"","src":"https:\/\/i0.wp.com\/www.epicuria.fr\/wp-content\/uploads\/sites\/6\/2010\/09\/tarte-aux-raisins-1.jpg?fit=600%2C450&resize=350%2C200","width":350,"height":200},"classes":[]},{"id":196,"url":"http:\/\/www.epicuria.fr\/index.php\/2009\/06\/19\/196-tarte-aux-cerises\/","url_meta":{"origin":37,"position":1},"title":"Tarte aux cerises","date":"19 juin 2009","format":false,"excerpt":"Une tarte facile mais tr\u00e8s d\u00e9licieuse !","rel":"","context":"Dans &quot;Actualit\u00e9&quot;","img":{"alt_text":"","src":"https:\/\/i0.wp.com\/www.epicuria.fr\/wp-content\/uploads\/sites\/6\/2009\/06\/tarte_cerise-1.jpg?fit=500%2C581&resize=350%2C200","width":350,"height":200},"classes":[]},{"id":1759,"url":"http:\/\/www.epicuria.fr\/index.php\/2010\/07\/08\/1759-tarte-aux-mirabelles\/","url_meta":{"origin":37,"position":2},"title":"Tarte aux mirabelles","date":"8 juillet 2010","format":false,"excerpt":"Fruit\u00e9e et sucr\u00e9e, cette tarte fera le bonheur de toutes les papilles gourmandes.","rel":"","context":"Dans &quot;Actualit\u00e9&quot;","img":{"alt_text":"","src":"https:\/\/i0.wp.com\/www.epicuria.fr\/wp-content\/uploads\/sites\/6\/2010\/07\/la-tarte-aux-mirabelles-1.jpg?fit=500%2C400&resize=350%2C200","width":350,"height":200},"classes":[]},{"id":546,"url":"http:\/\/www.epicuria.fr\/index.php\/2009\/09\/09\/546-tarte-aux-poires\/","url_meta":{"origin":37,"position":3},"title":"Tarte aux poires","date":"9 septembre 2009","format":false,"excerpt":"Une recette tr\u00e8s facile et parfaite pour la saison. La tarte aux poires, on en mangerait toute la journ\u00e9e. Un pur bonheur ! Ingr\u00e9dients 1 rouleau de p\u00e2te \u00e0 tarte feuillet\u00e9e 6 poires bien m\u00fbres et parfum\u00e9e 3 \u0153ufs 3 cuill\u00e8res \u00e0 soupe de cr\u00e8me fra\u00eeche 70 g de sucre\u2026","rel":"","context":"Dans &quot;Actualit\u00e9&quot;","img":{"alt_text":"","src":"https:\/\/i0.wp.com\/www.epicuria.fr\/wp-content\/uploads\/sites\/6\/2009\/09\/poires-1.jpg?fit=800%2C533&resize=350%2C200","width":350,"height":200},"classes":[]},{"id":2115,"url":"http:\/\/www.epicuria.fr\/index.php\/2010\/10\/22\/2115-tarte-sucree-au-potiron\/","url_meta":{"origin":37,"position":4},"title":"Tarte sucr\u00e9e au potiron","date":"22 octobre 2010","format":false,"excerpt":"Ce g\u00e2teau est une des grandes sp\u00e9cialit\u00e9s nord-am\u00e9ricaines. On le pr\u00e9pare sp\u00e9cialement pour les f\u00eates de Halloween, Thanksgiving et No\u00ebl.","rel":"","context":"Dans &quot;Actualit\u00e9&quot;","img":{"alt_text":"","src":"https:\/\/i0.wp.com\/www.epicuria.fr\/wp-content\/uploads\/sites\/6\/2010\/10\/tarte-sucree-au-potiron-1.jpg?fit=400%2C300&resize=350%2C200","width":350,"height":200},"classes":[]},{"id":117,"url":"http:\/\/www.epicuria.fr\/index.php\/2009\/05\/25\/117-tarte-a-la-tomate-et-au-chevre\/","url_meta":{"origin":37,"position":5},"title":"Tarte \u00e0 la tomate et au ch\u00e8vre","date":"25 mai 2009","format":false,"excerpt":"Une tarte parfaite en entr\u00e9e ou en plat principal","rel":"","context":"Dans &quot;Actualit\u00e9&quot;","img":{"alt_text":"","src":"https:\/\/i0.wp.com\/www.epicuria.fr\/wp-content\/uploads\/sites\/6\/2009\/05\/tarte_tomate_chevre-1.jpg?fit=500%2C374&resize=350%2C200","width":350,"height":200},"classes":[]}],"_links":{"self":[{"href":"http:\/\/www.epicuria.fr\/index.php\/wp-json\/wp\/v2\/posts\/37"}],"collection":[{"href":"http:\/\/www.epicuria.fr\/index.php\/wp-json\/wp\/v2\/posts"}],"about":[{"href":"http:\/\/www.epicuria.fr\/index.php\/wp-json\/wp\/v2\/types\/post"}],"author":[{"embeddable":true,"href":"http:\/\/www.epicuria.fr\/index.php\/wp-json\/wp\/v2\/users\/18"}],"replies":[{"embeddable":true,"href":"http:\/\/www.epicuria.fr\/index.php\/wp-json\/wp\/v2\/comments?post=37"}],"version-history":[{"count":0,"href":"http:\/\/www.epicuria.fr\/index.php\/wp-json\/wp\/v2\/posts\/37\/revisions"}],"wp:attachment":[{"href":"http:\/\/www.epicuria.fr\/index.php\/wp-json\/wp\/v2\/media?parent=37"}],"wp:term":[{"taxonomy":"category","embeddable":true,"href":"http:\/\/www.epicuria.fr\/index.php\/wp-json\/wp\/v2\/categories?post=37"},{"taxonomy":"post_tag","embeddable":true,"href":"http:\/\/www.epicuria.fr\/index.php\/wp-json\/wp\/v2\/tags?post=37"}],"curies":[{"name":"wp","href":"https:\/\/api.w.org\/{rel}","templated":true}]}}