{"id":2435,"date":"2011-03-01T13:11:35","date_gmt":"2011-03-01T13:11:35","guid":{"rendered":"http:\/\/www.epicuria.fr\/?p=2435"},"modified":"2011-03-01T13:11:35","modified_gmt":"2011-03-01T13:11:35","slug":"la-raclette","status":"publish","type":"post","link":"http:\/\/www.epicuria.fr\/index.php\/2011\/03\/01\/2435-la-raclette\/","title":{"rendered":"La Raclette"},"content":{"rendered":"<p>La raclette est un plat obtenu en raclant du fromage fondu en surface par la proximit\u00e9 d&rsquo;une source de chaleur qui peut \u00eatre un four sp\u00e9cifique, des cendres bien chaudes ou simplement le feu de bois. Voici la recette, r\u00e9galez-vous !<\/p>\n<p><strong>Ingr\u00e9dients<\/strong><\/p>\n<p>1,2 kg de fromage \u00e0 raclette<br \/>\n2 kg de petites pommes de terre<br \/>\nPain en tranches<br \/>\n1 bocal de cornichons fins<br \/>\n1 bocal de petits oignons au vinaigre<br \/>\nPlateau de charcuteries : au moins 5 types de charcuterie diff\u00e9rents, 2 ou 3 tranches de chaque par personne (jambon blanc, jambon cuit, coppa, pancetta, mortadelle, saucisson, chorizo, viande des grisons, bacon, rosette&#8230;)<\/p>\n<p><a href=\"http:\/\/www.epicuria.fr\/index.php\/2011\/03\/01\/2435-la-raclette\/raclette\/\" rel=\"attachment wp-att-2437\"><img loading=\"lazy\" src=\"https:\/\/i0.wp.com\/epicuria.twivi.com\/wp-content\/uploads\/sites\/6\/2011\/03\/Raclette-1.jpg?resize=500%2C333\" alt=\"\" title=\"Raclette\" width=\"500\" height=\"333\" class=\"aligncenter size-full wp-image-2437\" data-recalc-dims=\"1\" \/><\/a><\/p>\n<p><strong>Pr\u00e9paration<\/strong><\/p>\n<p>1.Faire cuire les pommes de terre dans de l&rsquo;eau sal\u00e9e pendant 30 minutes environ.<br \/>\n2.Couper le fromage et le disposer dans un plat.<br \/>\n3.Mettre les cornichons et les petits oignons dans un bol.<br \/>\n4.Disposer la charcuterie dans plusieurs plats.<br \/>\n5.Allumer l&rsquo;appareil \u00e0 raclette. Disposer les pommes de terre cuites sur le haut de l&rsquo;appareil et les divers accompagnements autour de lui.<br \/>\n6.Chaque personne peut maintenant se servir. Faire chauffer le fromage quelques minutes avec l&rsquo;appareil. Une fois le fromage fondu  le faire glisser avec un couteau sur une assiette avec une pomme de terre ou une tranche de pain et les diff\u00e9rents accompagnements.<\/p>\n","protected":false},"excerpt":{"rendered":"<p>La raclette est un plat obtenu en raclant du fromage fondu en surface par la proximit\u00e9 d&rsquo;une source de chaleur qui peut \u00eatre un four sp\u00e9cifique, des cendres bien chaudes ou simplement le feu de bois. Voici la recette, r\u00e9galez-vous ! Ingr\u00e9dients 1,2 kg de fromage \u00e0 raclette 2 kg de petites pommes de terre [&hellip;]<\/p>\n","protected":false},"author":18,"featured_media":3145,"comment_status":"open","ping_status":"open","sticky":false,"template":"","format":"standard","meta":{"spay_email":"","jetpack_publicize_message":"","jetpack_is_tweetstorm":false,"jetpack_publicize_feature_enabled":true},"categories":[2,6],"tags":[229],"jetpack_featured_media_url":"https:\/\/i0.wp.com\/www.epicuria.fr\/wp-content\/uploads\/sites\/6\/2011\/03\/Raclette-1.jpg?fit=500%2C333","jetpack_publicize_connections":[],"jetpack_sharing_enabled":true,"jetpack-related-posts":[{"id":2364,"url":"http:\/\/www.epicuria.fr\/index.php\/2011\/01\/11\/2364-choucroute-garnie\/","url_meta":{"origin":2435,"position":0},"title":"Choucroute garnie","date":"11 janvier 2011","format":false,"excerpt":"En hiver, on a envie de se nourrir le corps et l'esprit avec des plats chauds, consistants, revigorants... Pour vous r\u00e9galer, nous vous proposons donc une d\u00e9licieuse choucroute cuite avec des charcuteries et pommes de terre. Viande, f\u00e9culents et l\u00e9gumes, voici un plat complet qui ravira toute la famille !\u2026","rel":"","context":"Dans &quot;Actualit\u00e9&quot;","img":{"alt_text":"","src":"https:\/\/i0.wp.com\/www.epicuria.fr\/wp-content\/uploads\/sites\/6\/2011\/01\/choucroute-1.jpg?fit=500%2C333&resize=350%2C200","width":350,"height":200},"classes":[]},{"id":578,"url":"http:\/\/www.epicuria.fr\/index.php\/2009\/09\/21\/578-gratin-dauphinois\/","url_meta":{"origin":2435,"position":1},"title":"Gratin dauphinois","date":"21 septembre 2009","format":false,"excerpt":"Un plat traditionnel du Dauphin\u00e9. Il a \u00e9t\u00e9 officiellement mentionn\u00e9 pour la premi\u00e8re fois, le 12 juillet 1788, apr\u00e8s un d\u00eener organis\u00e9 par Charles-Henri (26 juillet 1794-7 avril 1701), duc de Clermont-Tonnerre, alors lieutenant g\u00e9n\u00e9ral du Dauphin\u00e9. Sachez que le plat est \u00e9galement connu en Am\u00e9rique du Nord. Facile \u00e0\u2026","rel":"","context":"Dans &quot;Actualit\u00e9&quot;","img":{"alt_text":"","src":"https:\/\/i0.wp.com\/www.epicuria.fr\/wp-content\/uploads\/sites\/6\/2009\/09\/gratin-dauphinois-1.jpg?fit=500%2C336&resize=350%2C200","width":350,"height":200},"classes":[]},{"id":697,"url":"http:\/\/www.epicuria.fr\/index.php\/2009\/10\/19\/697-pot-au-feu\/","url_meta":{"origin":2435,"position":2},"title":"Pot-au-feu","date":"19 octobre 2009","format":false,"excerpt":"Un plat traditionnel de la cuisine fran\u00e7aise, \u00e0 base de viande de b\u0153uf et de l\u00e9gumes.","rel":"","context":"Dans &quot;Actualit\u00e9&quot;","img":{"alt_text":"","src":"https:\/\/i0.wp.com\/www.epicuria.fr\/wp-content\/uploads\/sites\/6\/2009\/10\/pot-au-feu-1.jpg?fit=800%2C600&resize=350%2C200","width":350,"height":200},"classes":[]},{"id":1503,"url":"http:\/\/www.epicuria.fr\/index.php\/2010\/05\/20\/1503-lasagnes-au-saumon-et-aux-epinards\/","url_meta":{"origin":2435,"position":3},"title":"Lasagnes au saumon et aux \u00e9pinards","date":"20 mai 2010","format":false,"excerpt":"Un plat complet et \u00e9quilibr\u00e9 qui fait plaisir \u00e0 nos papilles.","rel":"","context":"Dans &quot;Actualit\u00e9&quot;","img":{"alt_text":"","src":"","width":0,"height":0},"classes":[]},{"id":1587,"url":"http:\/\/www.epicuria.fr\/index.php\/2010\/06\/01\/1587-hachis-parmentier\/","url_meta":{"origin":2435,"position":4},"title":"Hachis parmentier","date":"1 juin 2010","format":false,"excerpt":"Un grand classique de la cuisine !","rel":"","context":"Dans &quot;Actualit\u00e9&quot;","img":{"alt_text":"","src":"https:\/\/i0.wp.com\/www.epicuria.fr\/wp-content\/uploads\/sites\/6\/2010\/06\/hachis-parmentier-1.jpg?fit=375%2C500&resize=350%2C200","width":350,"height":200},"classes":[]},{"id":1446,"url":"http:\/\/www.epicuria.fr\/index.php\/2010\/05\/11\/1446-crumble-aux-pommes-et-au-pain-depices\/","url_meta":{"origin":2435,"position":5},"title":"Crumble aux pommes et au pain d&rsquo;\u00e9pices","date":"11 mai 2010","format":false,"excerpt":"Pour les petits et les grands !","rel":"","context":"Dans &quot;Actualit\u00e9&quot;","img":{"alt_text":"","src":"https:\/\/i0.wp.com\/www.epicuria.fr\/wp-content\/uploads\/sites\/6\/2010\/05\/crumble-aux-pommes-et-au-pain-depices-1.jpg?fit=500%2C375&resize=350%2C200","width":350,"height":200},"classes":[]}],"_links":{"self":[{"href":"http:\/\/www.epicuria.fr\/index.php\/wp-json\/wp\/v2\/posts\/2435"}],"collection":[{"href":"http:\/\/www.epicuria.fr\/index.php\/wp-json\/wp\/v2\/posts"}],"about":[{"href":"http:\/\/www.epicuria.fr\/index.php\/wp-json\/wp\/v2\/types\/post"}],"author":[{"embeddable":true,"href":"http:\/\/www.epicuria.fr\/index.php\/wp-json\/wp\/v2\/users\/18"}],"replies":[{"embeddable":true,"href":"http:\/\/www.epicuria.fr\/index.php\/wp-json\/wp\/v2\/comments?post=2435"}],"version-history":[{"count":0,"href":"http:\/\/www.epicuria.fr\/index.php\/wp-json\/wp\/v2\/posts\/2435\/revisions"}],"wp:featuredmedia":[{"embeddable":true,"href":"http:\/\/www.epicuria.fr\/index.php\/wp-json\/wp\/v2\/media\/3145"}],"wp:attachment":[{"href":"http:\/\/www.epicuria.fr\/index.php\/wp-json\/wp\/v2\/media?parent=2435"}],"wp:term":[{"taxonomy":"category","embeddable":true,"href":"http:\/\/www.epicuria.fr\/index.php\/wp-json\/wp\/v2\/categories?post=2435"},{"taxonomy":"post_tag","embeddable":true,"href":"http:\/\/www.epicuria.fr\/index.php\/wp-json\/wp\/v2\/tags?post=2435"}],"curies":[{"name":"wp","href":"https:\/\/api.w.org\/{rel}","templated":true}]}}