{"id":2364,"date":"2011-01-11T09:35:04","date_gmt":"2011-01-11T07:35:04","guid":{"rendered":"http:\/\/www.epicuria.fr\/?p=2364"},"modified":"2011-01-11T09:35:04","modified_gmt":"2011-01-11T07:35:04","slug":"choucroute-garnie","status":"publish","type":"post","link":"http:\/\/www.epicuria.fr\/index.php\/2011\/01\/11\/2364-choucroute-garnie\/","title":{"rendered":"Choucroute garnie"},"content":{"rendered":"<p>En hiver, on a envie de se nourrir le corps et l&rsquo;esprit avec des plats chauds, consistants, revigorants&#8230; Pour vous r\u00e9galer, nous vous proposons donc une d\u00e9licieuse choucroute cuite avec des charcuteries et pommes de terre. Viande, f\u00e9culents et l\u00e9gumes, voici un plat complet qui ravira toute la famille !<\/p>\n<p><strong>Ingr\u00e9dients<\/strong><\/p>\n<p>1,5 kg de choucroute<br \/>\n8 pommes de terre<br \/>\n1 morceau de lard<br \/>\n1 oignon<br \/>\n400 g de lard fum\u00e9 maigre<br \/>\n800 g de filet de porc fum\u00e9<br \/>\n50 g de beurre ou de saindoux<br \/>\n1 saucisse de Morteau<br \/>\n6 saucisses de Strasbourg<br \/>\n75 cl de vin blanc<br \/>\nsel, poivre<br \/>\n1 bouquet garni (thym, laurier)<br \/>\n2 clous de girofle<br \/>\n12 baies de geni\u00e8vre<\/p>\n<p><img loading=\"lazy\" src=\"https:\/\/i0.wp.com\/epicuria.twivi.com\/wp-content\/uploads\/sites\/6\/2011\/01\/choucroute-1.jpg?resize=500%2C333\" alt=\"choucroute\" title=\"choucroute\" width=\"500\" height=\"333\" class=\"aligncenter size-full wp-image-2365\" data-recalc-dims=\"1\" \/><\/p>\n<p><strong>Pr\u00e9paration<\/strong><\/p>\n<p>1.Laver la choucroute \u00e0 grande eau et l&rsquo;essorer soigneusement. Renouveler l\u2019op\u00e9ration plusieurs fois, si n\u00e9cessaire.<br \/>\n2.Faire fondre le saindoux, ajouter l&rsquo;oignon \u00e9minc\u00e9, ensuite la choucroute et mouiller avec le vin blanc et un peu d&rsquo;eau. Aromatiser avec les baies de geni\u00e8vre, les clous de girofle et le bouquet garni. Saler et poivrer.<br \/>\n3.Faire cuire 40 minutes \u00e0 couvert, sur feu doux.<br \/>\n4.Ajouter le lard et le filet de porc. Poursuivre la cuisson, sur feu doux, pendant 1 heure.<br \/>\n5.Ajouter les saucisses, ainsi que les pommes de terre pel\u00e9es. Laisser cuire, \u00e0 couvert, pendant environ 30 minutes (jusqu\u2019\u00e0 ce que les pommes de terre soient tendres).<br \/>\n6.Dresser la choucroute dans un plat creux pr\u00e9chauff\u00e9. Couper le lard en gros morceaux et le filet de porc en tranches. D\u00e9poser ces viandes, les saucisses et les pommes de terre sur le dessus. Servir.<\/p>\n","protected":false},"excerpt":{"rendered":"<p>En hiver, on a envie de se nourrir le corps et l&rsquo;esprit avec des plats chauds, consistants, revigorants&#8230; Pour vous r\u00e9galer, nous vous proposons donc une d\u00e9licieuse choucroute cuite avec des charcuteries et pommes de terre. Viande, f\u00e9culents et l\u00e9gumes, voici un plat complet qui ravira toute la famille ! Ingr\u00e9dients 1,5 kg de choucroute [&hellip;]<\/p>\n","protected":false},"author":18,"featured_media":3139,"comment_status":"open","ping_status":"open","sticky":false,"template":"","format":"standard","meta":{"spay_email":"","jetpack_publicize_message":"","jetpack_is_tweetstorm":false,"jetpack_publicize_feature_enabled":true},"categories":[2,6],"tags":[60],"jetpack_featured_media_url":"https:\/\/i0.wp.com\/www.epicuria.fr\/wp-content\/uploads\/sites\/6\/2011\/01\/choucroute-1.jpg?fit=500%2C333","jetpack_publicize_connections":[],"jetpack_sharing_enabled":true,"jetpack-related-posts":[{"id":2373,"url":"http:\/\/www.epicuria.fr\/index.php\/2011\/01\/19\/2373-choucroute-de-la-mer\/","url_meta":{"origin":2364,"position":0},"title":"Choucroute de la mer","date":"19 janvier 2011","format":false,"excerpt":"Cette recette de choucroute de la mer est un peu longue \u00e0 pr\u00e9parer, mais elle est tellement bonne - la choucroute se mariant \u00e0 merveille avec le poisson et les fruits de la mer. Voici une excellente sp\u00e9cialit\u00e9 \u00e0 faire quand on re\u00e7oit des amis ! Ingr\u00e9dients 1.5 kg de\u2026","rel":"","context":"Dans &quot;Actualit\u00e9&quot;","img":{"alt_text":"","src":"https:\/\/i0.wp.com\/www.epicuria.fr\/wp-content\/uploads\/sites\/6\/2011\/01\/choucroute-de-la-mer-1.jpg?fit=500%2C333&resize=350%2C200","width":350,"height":200},"classes":[]},{"id":1850,"url":"http:\/\/www.epicuria.fr\/index.php\/2010\/07\/15\/1850-boeuf-bourguignon-a-la-cocotte-minute\/","url_meta":{"origin":2364,"position":1},"title":"B\u0153uf bourguignon \u00e0 la Cocotte minute","date":"15 juillet 2010","format":false,"excerpt":"Le succ\u00e8s \u00e0 table est garanti !","rel":"","context":"Dans &quot;Actualit\u00e9&quot;","img":{"alt_text":"","src":"https:\/\/i0.wp.com\/www.epicuria.fr\/wp-content\/uploads\/sites\/6\/2010\/07\/boeuf-bourguignon-1.jpg?fit=333%2C500&resize=350%2C200","width":350,"height":200},"classes":[]},{"id":1138,"url":"http:\/\/www.epicuria.fr\/index.php\/2010\/02\/10\/1138-moussaka-vegetarienne\/","url_meta":{"origin":2364,"position":2},"title":"Moussaka V\u00e9g\u00e9tarienne","date":"10 f\u00e9vrier 2010","format":false,"excerpt":"Une version v\u00e9g\u00e9tarienne de la moussaka mais pas en moins d\u00e9licieuse !","rel":"","context":"Dans &quot;Actualit\u00e9&quot;","img":{"alt_text":"","src":"https:\/\/i0.wp.com\/www.epicuria.fr\/wp-content\/uploads\/sites\/6\/2010\/02\/moussaka-vegetarienne-1.jpg?fit=616%2C414&resize=350%2C200","width":350,"height":200},"classes":[]},{"id":1699,"url":"http:\/\/www.epicuria.fr\/index.php\/2010\/06\/24\/1699-salade-de-feves-au-chorizo-et-aux-lardons-fumes\/","url_meta":{"origin":2364,"position":3},"title":"Salade de f\u00e8ves au chorizo et aux lardons fum\u00e9s","date":"24 juin 2010","format":false,"excerpt":"La f\u00e8ve est l'un des l\u00e9gumes les plus anciennement cultiv\u00e9s. Elle poss\u00e8de des qualit\u00e9s nutritives int\u00e9ressantes, notamment en raison de sa richesse en glucides, protides, fibres et vitamines, m\u00eame lorsqu\u2019elle est consomm\u00e9e s\u00e9ch\u00e9e. La f\u00e8ve est tr\u00e8s recommand\u00e9e pour les personnes qui mangent peu ou pas de viande, car elle\u2026","rel":"","context":"Dans &quot;Actualit\u00e9&quot;","img":{"alt_text":"","src":"https:\/\/i0.wp.com\/www.epicuria.fr\/wp-content\/uploads\/sites\/6\/2010\/06\/salade-de-feves-au-chorizo-et-au-lard-fume-1.jpeg?fit=300%2C450&resize=350%2C200","width":350,"height":200},"classes":[]},{"id":1607,"url":"http:\/\/www.epicuria.fr\/index.php\/2010\/06\/05\/1607-potage-parmentier-aux-oeufs-de-caille-poches\/","url_meta":{"origin":2364,"position":4},"title":"Potage parmentier aux \u0153ufs de caille poch\u00e9s","date":"5 juin 2010","format":false,"excerpt":"Laissez parler votre gourmandise : prenez la cuill\u00e8re et go\u00fbter ce d\u00e9licieux potage ! Ingr\u00e9dients 500 g de pommes de terre 2 poireaux 2 saucisses fum\u00e9es 2 oignons 18 \u0153ufs de caille 6 cl de vinaigre blanc 1 filet d'huile 1 gousse d'ail 1 branche de thym Pr\u00e9paration 1.Eplucher les\u2026","rel":"","context":"Dans &quot;Actualit\u00e9&quot;","img":{"alt_text":"","src":"https:\/\/i0.wp.com\/www.epicuria.fr\/wp-content\/uploads\/sites\/6\/2010\/06\/potage-parmentier-et-oeuf-de-caille-poche-1.jpg?fit=480%2C328&resize=350%2C200","width":350,"height":200},"classes":[]},{"id":498,"url":"http:\/\/www.epicuria.fr\/index.php\/2009\/09\/02\/498-ragout-de-maquereaux-fumes\/","url_meta":{"origin":2364,"position":5},"title":"Rago\u00fbt de maquereaux fum\u00e9s","date":"2 septembre 2009","format":false,"excerpt":"Le maquereau est d\u00e9licieux frais mais vous pouvez \u00e9galement pr\u00e9parer des plats avec maquereau fum\u00e9. Ingr\u00e9dients (pour 4 personnes) 4 gros filets de maquereau fum\u00e9 4 cuill\u00e8re \u00e0 soupe de p\u00e2te de tomate 2 carottes 1 grosse tomate 2 grosses pommes de terre rouges 3 oignons moyens 3 gousses d'ail\u2026","rel":"","context":"Dans &quot;Actualit\u00e9&quot;","img":{"alt_text":"","src":"https:\/\/i0.wp.com\/www.epicuria.fr\/wp-content\/uploads\/sites\/6\/2009\/09\/ragout-de-maquereaux-fumee.jpg?fit=500%2C377&resize=350%2C200","width":350,"height":200},"classes":[]}],"_links":{"self":[{"href":"http:\/\/www.epicuria.fr\/index.php\/wp-json\/wp\/v2\/posts\/2364"}],"collection":[{"href":"http:\/\/www.epicuria.fr\/index.php\/wp-json\/wp\/v2\/posts"}],"about":[{"href":"http:\/\/www.epicuria.fr\/index.php\/wp-json\/wp\/v2\/types\/post"}],"author":[{"embeddable":true,"href":"http:\/\/www.epicuria.fr\/index.php\/wp-json\/wp\/v2\/users\/18"}],"replies":[{"embeddable":true,"href":"http:\/\/www.epicuria.fr\/index.php\/wp-json\/wp\/v2\/comments?post=2364"}],"version-history":[{"count":0,"href":"http:\/\/www.epicuria.fr\/index.php\/wp-json\/wp\/v2\/posts\/2364\/revisions"}],"wp:featuredmedia":[{"embeddable":true,"href":"http:\/\/www.epicuria.fr\/index.php\/wp-json\/wp\/v2\/media\/3139"}],"wp:attachment":[{"href":"http:\/\/www.epicuria.fr\/index.php\/wp-json\/wp\/v2\/media?parent=2364"}],"wp:term":[{"taxonomy":"category","embeddable":true,"href":"http:\/\/www.epicuria.fr\/index.php\/wp-json\/wp\/v2\/categories?post=2364"},{"taxonomy":"post_tag","embeddable":true,"href":"http:\/\/www.epicuria.fr\/index.php\/wp-json\/wp\/v2\/tags?post=2364"}],"curies":[{"name":"wp","href":"https:\/\/api.w.org\/{rel}","templated":true}]}}