{"id":2226,"date":"2010-11-08T08:08:06","date_gmt":"2010-11-08T06:08:06","guid":{"rendered":"http:\/\/www.epicuria.fr\/?p=2226"},"modified":"2010-11-08T08:08:06","modified_gmt":"2010-11-08T06:08:06","slug":"poires-belle-helene","status":"publish","type":"post","link":"http:\/\/www.epicuria.fr\/index.php\/2010\/11\/08\/2226-poires-belle-helene\/","title":{"rendered":"Poires Belle H\u00e9l\u00e8ne"},"content":{"rendered":"<p>Cette recette aurait \u00e9t\u00e9 cr\u00e9\u00e9e \u00e0 Paris \u00e0 l&rsquo;occasion de la premi\u00e8re, le 17 d\u00e9cembre 1864, de l&rsquo;op\u00e9rette \u00ab\u00a0La Belle H\u00e9l\u00e8ne\u00a0\u00bb de Jacques Offenbach avec dans le r\u00f4le d&rsquo;H\u00e9l\u00e8ne de Troie la superbe cantatrice Hortense Schneider, surnomm\u00e9e par les mauvaises langues, \u201cle passage des princes\u201d ou \u201cla divine scandaleuse\u201d : \u00e0 l\u2019\u00e9poque, elle \u00e9tait, disait-on, la ma\u00eetresse de Napol\u00e9on III et du duc de Morny. <\/p>\n<p>Henri Meilhac et Ludovic Hal\u00e9vy, les librettistes de la centaine d&rsquo;op\u00e9rettes d&rsquo;Offenbach, s&rsquo;en \u00e9taient donn\u00e9s \u00e0 c\u0153ur joie en adaptant cette histoire de la Gr\u00e8ce antique maintes fois narr\u00e9e. Mais l&rsquo;op\u00e9rette n&rsquo;est pas qu&rsquo;une reconstitution de l&rsquo;histoire d&rsquo;H\u00e9l\u00e8ne de Troie, elle satirise de fa\u00e7on mordante la haute soci\u00e9t\u00e9 qui gravitait autour de Napol\u00e9on III. La Belle H\u00e9l\u00e8ne eut plus de cinq cents repr\u00e9sentations, ce qui \u00e9tait sans pr\u00e9c\u00e9dent, et sans que la ferveur du public se rel\u00e2che.<\/p>\n<p>Aujourd&rsquo;hui les gourmands appr\u00e9cient autant ces fruits poch\u00e9s au sirop napp\u00e9s de sauce au chocolat et servis avec de la glace \u00e0 la vanille. Du pur bonheur !<\/p>\n<p><img loading=\"lazy\" src=\"https:\/\/i0.wp.com\/epicuria.twivi.com\/wp-content\/uploads\/sites\/6\/2010\/11\/poire-belle-helene-1.jpg?resize=310%2C265\" alt=\"poire-belle-helene\" title=\"poire-belle-helene\" width=\"310\" height=\"265\" class=\"alignright size-full wp-image-2227\" data-recalc-dims=\"1\" \/><\/p>\n<p><strong>Ingr\u00e9dients<\/strong><\/p>\n<p>8 demi-<a href='http:\/\/www.epicuria.fr\/index.php\/2010\/11\/02\/2213-poires-au-sirop\/'>poires au sirop<\/a> faites maison<br \/>\n<a href='http:\/\/www.epicuria.fr\/?p=2234'>glace \u00e0 la vanille<\/a> faite maison<br \/>\n100 g de chocolat \u00e0 p\u00e2tisser (minimum 55% de cacao)<br \/>\n2 c \u00e0 soupe de cr\u00e8me fra\u00eeche liquide<br \/>\nchantilly (maison ou en bombe)<br \/>\n2 c \u00e0 soupe d&rsquo;amandes effil\u00e9es<\/p>\n<p><\/br><br \/>\n<strong>Pr\u00e9paration<\/strong><\/p>\n<p>1.Egouter les poires au sirop.<br \/>\n2.Casser le chocolat en morceaux et le faire fondre au bain-marie ou au four a micro ondes. Ajouter la cr\u00e8me fra\u00eeche, 3 cuill\u00e8res \u00e0 soupe du sirop des poires, et m\u00e9langer bien.<br \/>\n3.Dans des coupes individuelles, disposer deux boules de glace \u00e0 la vanille. Mettre deux demi-poires sur la glace. Arroser de sauce chocolat et recouvrir de chantilly. Parsemer d&rsquo;amandes effil\u00e9es.<\/p>\n","protected":false},"excerpt":{"rendered":"<p>Cette recette aurait \u00e9t\u00e9 cr\u00e9\u00e9e \u00e0 Paris \u00e0 l&rsquo;occasion de la premi\u00e8re, le 17 d\u00e9cembre 1864, de l&rsquo;op\u00e9rette \u00ab\u00a0La Belle H\u00e9l\u00e8ne\u00a0\u00bb de Jacques Offenbach avec dans le r\u00f4le d&rsquo;H\u00e9l\u00e8ne de Troie la superbe cantatrice Hortense Schneider, surnomm\u00e9e par les mauvaises langues, \u201cle passage des princes\u201d ou \u201cla divine scandaleuse\u201d : \u00e0 l\u2019\u00e9poque, elle \u00e9tait, disait-on, [&hellip;]<\/p>\n","protected":false},"author":18,"featured_media":3126,"comment_status":"open","ping_status":"open","sticky":false,"template":"","format":"standard","meta":{"spay_email":"","jetpack_publicize_message":"","jetpack_is_tweetstorm":false,"jetpack_publicize_feature_enabled":true},"categories":[2,5],"tags":[210,211],"jetpack_featured_media_url":"https:\/\/i0.wp.com\/www.epicuria.fr\/wp-content\/uploads\/sites\/6\/2010\/11\/poire-belle-helene-1.jpg?fit=310%2C265","jetpack_publicize_connections":[],"jetpack_sharing_enabled":true,"jetpack-related-posts":[{"id":531,"url":"http:\/\/www.epicuria.fr\/index.php\/2009\/09\/08\/531-poires-pochees\/","url_meta":{"origin":2226,"position":0},"title":"Poires poch\u00e9es","date":"8 septembre 2009","format":false,"excerpt":"Tr\u00e8s riche en eau, la poire est un fruit qui a le pouvoir de rafra\u00eechir et de d\u00e9salt\u00e9rer, et ce, sans aucun danger pour la ligne. Par ailleurs, elle contient une bonne dose de vitamine C qui est renforc\u00e9e par la pr\u00e9sence de carot\u00e8ne et de vitamine E. On consomme\u2026","rel":"","context":"Dans &quot;Actualit\u00e9&quot;","img":{"alt_text":"","src":"https:\/\/i0.wp.com\/www.epicuria.fr\/wp-content\/uploads\/sites\/6\/2009\/09\/poire-pochee-1.jpg?fit=500%2C333&resize=350%2C200","width":350,"height":200},"classes":[]},{"id":2213,"url":"http:\/\/www.epicuria.fr\/index.php\/2010\/11\/02\/2213-poires-au-sirop\/","url_meta":{"origin":2226,"position":1},"title":"Poires au sirop","date":"2 novembre 2010","format":false,"excerpt":"Translucides et fondantes, cuites dans un sirop acidul\u00e9, les poires au sirop sont pr\u00eates \u00e0 \u00eatre d\u00e9gust\u00e9es aussit\u00f4t ou, conserv\u00e9es en bocaux, elles peuvent \u00eatre appr\u00e9ci\u00e9es tout au long de l'ann\u00e9e. Voici notre recette simple \u00e0 pr\u00e9parer, rapide et aux ingr\u00e9dients faciles \u00e0 trouver. Ingr\u00e9dients 4 poires 1\/2 l d'eau\u2026","rel":"","context":"Dans &quot;Actualit\u00e9&quot;","img":{"alt_text":"","src":"https:\/\/i0.wp.com\/www.epicuria.fr\/wp-content\/uploads\/sites\/6\/2010\/11\/poires-au-sirop-1.jpg?fit=500%2C375&resize=350%2C200","width":350,"height":200},"classes":[]},{"id":557,"url":"http:\/\/www.epicuria.fr\/index.php\/2009\/09\/12\/557-pates-aux-poires-et-au-gorgonzola\/","url_meta":{"origin":2226,"position":2},"title":"P\u00e2tes aux poires et au gorgonzola","date":"12 septembre 2009","format":false,"excerpt":"Succulentes, juteuses et sucr\u00e9es, les poires sont \u00e0 la fois d\u00e9licieuses et excellentes pour la sant\u00e9. Voici une recette qui marie \u00e0 merveille le sucr\u00e9 de la poire et le sal\u00e9 du fromage ! Ingr\u00e9dients 300 g de tagliatelles 1 grosse poire ou 2 petites (et selon votre go\u00fbt) 200\u2026","rel":"","context":"Dans &quot;Actualit\u00e9&quot;","img":{"alt_text":"","src":"https:\/\/i0.wp.com\/www.epicuria.fr\/wp-content\/uploads\/sites\/6\/2009\/09\/pates_poires_gorgonzola-1.jpg?fit=500%2C375&resize=350%2C200","width":350,"height":200},"classes":[]},{"id":546,"url":"http:\/\/www.epicuria.fr\/index.php\/2009\/09\/09\/546-tarte-aux-poires\/","url_meta":{"origin":2226,"position":3},"title":"Tarte aux poires","date":"9 septembre 2009","format":false,"excerpt":"Une recette tr\u00e8s facile et parfaite pour la saison. La tarte aux poires, on en mangerait toute la journ\u00e9e. Un pur bonheur ! Ingr\u00e9dients 1 rouleau de p\u00e2te \u00e0 tarte feuillet\u00e9e 6 poires bien m\u00fbres et parfum\u00e9e 3 \u0153ufs 3 cuill\u00e8res \u00e0 soupe de cr\u00e8me fra\u00eeche 70 g de sucre\u2026","rel":"","context":"Dans &quot;Actualit\u00e9&quot;","img":{"alt_text":"","src":"https:\/\/i0.wp.com\/www.epicuria.fr\/wp-content\/uploads\/sites\/6\/2009\/09\/poires-1.jpg?fit=800%2C533&resize=350%2C200","width":350,"height":200},"classes":[]},{"id":773,"url":"http:\/\/www.epicuria.fr\/index.php\/2009\/10\/28\/773-pate-aux-poires-de-la-toussaint\/","url_meta":{"origin":2226,"position":4},"title":"P\u00e2t\u00e9 aux poires de la Toussaint","date":"28 octobre 2009","format":false,"excerpt":"En Normandie, du c\u00f4t\u00e9 de Dieppe, ce dessert \u00e9voque pour tous les gens les senteurs de l'automne.","rel":"","context":"Dans &quot;Actualit\u00e9&quot;","img":{"alt_text":"","src":"https:\/\/i0.wp.com\/www.epicuria.fr\/wp-content\/uploads\/sites\/6\/2009\/10\/pate-aux-poires-de-la-toussaint-1.jpg?fit=240%2C320&resize=350%2C200","width":350,"height":200},"classes":[]},{"id":2204,"url":"http:\/\/www.epicuria.fr\/index.php\/2010\/11\/05\/2204-tarte-aux-poires-et-amandes\/","url_meta":{"origin":2226,"position":5},"title":"Tarte aux poires et amandes","date":"5 novembre 2010","format":false,"excerpt":"Cette recette est devenue un classique de la cuisine fran\u00e7aise. Le mariage amandes et poires fonctionne \u00e0 merveille pour cette tarte moelleuse ind\u00e9modable ! R\u00e9galez-vous ! Ingr\u00e9dients 1 p\u00e2te bris\u00e9e 8 demi poires au sirop maison ou en bo\u00eete 100 g de beurre 100 g de sucre 2 \u0153ufs 100\u2026","rel":"","context":"Dans &quot;Actualit\u00e9&quot;","img":{"alt_text":"","src":"https:\/\/i0.wp.com\/www.epicuria.fr\/wp-content\/uploads\/sites\/6\/2010\/11\/tarte-aux-poires-et-amandes-1.jpg?fit=400%2C300&resize=350%2C200","width":350,"height":200},"classes":[]}],"_links":{"self":[{"href":"http:\/\/www.epicuria.fr\/index.php\/wp-json\/wp\/v2\/posts\/2226"}],"collection":[{"href":"http:\/\/www.epicuria.fr\/index.php\/wp-json\/wp\/v2\/posts"}],"about":[{"href":"http:\/\/www.epicuria.fr\/index.php\/wp-json\/wp\/v2\/types\/post"}],"author":[{"embeddable":true,"href":"http:\/\/www.epicuria.fr\/index.php\/wp-json\/wp\/v2\/users\/18"}],"replies":[{"embeddable":true,"href":"http:\/\/www.epicuria.fr\/index.php\/wp-json\/wp\/v2\/comments?post=2226"}],"version-history":[{"count":0,"href":"http:\/\/www.epicuria.fr\/index.php\/wp-json\/wp\/v2\/posts\/2226\/revisions"}],"wp:featuredmedia":[{"embeddable":true,"href":"http:\/\/www.epicuria.fr\/index.php\/wp-json\/wp\/v2\/media\/3126"}],"wp:attachment":[{"href":"http:\/\/www.epicuria.fr\/index.php\/wp-json\/wp\/v2\/media?parent=2226"}],"wp:term":[{"taxonomy":"category","embeddable":true,"href":"http:\/\/www.epicuria.fr\/index.php\/wp-json\/wp\/v2\/categories?post=2226"},{"taxonomy":"post_tag","embeddable":true,"href":"http:\/\/www.epicuria.fr\/index.php\/wp-json\/wp\/v2\/tags?post=2226"}],"curies":[{"name":"wp","href":"https:\/\/api.w.org\/{rel}","templated":true}]}}