{"id":1259,"date":"2010-03-20T09:08:42","date_gmt":"2010-03-20T07:08:42","guid":{"rendered":"http:\/\/www.epicuria.fr\/?p=1259"},"modified":"2010-03-20T09:08:42","modified_gmt":"2010-03-20T07:08:42","slug":"galette-bretonne","status":"publish","type":"post","link":"http:\/\/www.epicuria.fr\/index.php\/2010\/03\/20\/1259-galette-bretonne\/","title":{"rendered":"Galette bretonne"},"content":{"rendered":"<p>Une sp\u00e9cialit\u00e9 de Bretagne qui se d\u00e9guste avec plaisir par les petits et les grands. La galette bretonne est au faite une cr\u00eape pr\u00e9par\u00e9e avec de la farine de bl\u00e9 noir (ou farine de sarrasin) \u00e0 laquelle on peut ajouter un peu de farine de froment. <\/p>\n<p>Il y a de nombreuses variantes de cette sp\u00e9cialit\u00e9, mais la garniture traditionnelle de la galette sal\u00e9e est compos\u00e9e de jambon, de fromage et un oeuf dont le jaune d\u00e9passe, all\u00e9chant, au centre des quatre coins ramen\u00e9s vers l\u2019int\u00e9rieur. R\u00e9galez vous !  <\/p>\n<p><strong>Ingr\u00e9dients<\/strong><\/p>\n<p>250 g de farine de sarrasin (farine de bl\u00e9 noir)<br \/>\nsel<br \/>\n2 \u0153ufs<br \/>\n50 cl d&rsquo;eau froide<br \/>\n40 g de beurre fondu<\/p>\n<p><img loading=\"lazy\" src=\"https:\/\/i0.wp.com\/epicuria.twivi.com\/wp-content\/uploads\/sites\/6\/2010\/03\/galette-bretonne-1.jpg?resize=400%2C300\" alt=\"galette-bretonne\" title=\"galette-bretonne\" width=\"400\" height=\"300\" class=\"aligncenter size-full wp-image-1262\" data-recalc-dims=\"1\" \/><\/p>\n<p><strong>Pr\u00e9paration<\/strong><\/p>\n<p>1.M\u00e9langer la farine, le sel, les \u0153ufs, l&rsquo;eau froide et le beurre fondu. Laisser reposer la p\u00e2te 2 heures.<br \/>\n2.Dans une po\u00eale \u00e0 rev\u00eatement anti-adh\u00e9rent, faire cuire les galettes aussi fines que possible.<br \/>\n3.Les garnir selon votre convenance. La fa\u00e7on classique : beurre sal\u00e9, \u0153uf, jambon blanc, fromage r\u00e2p\u00e9.<\/p>\n<p><strong>Suggestion<\/strong> : accompagner d&rsquo;un verre de cidre et d&rsquo;une salade verte.<\/p>\n","protected":false},"excerpt":{"rendered":"<p>Une sp\u00e9cialit\u00e9 de Bretagne qui se d\u00e9guste avec plaisir par les petits et les grands. La galette bretonne est au faite une cr\u00eape pr\u00e9par\u00e9e avec de la farine de bl\u00e9 noir (ou farine de sarrasin) \u00e0 laquelle on peut ajouter un peu de farine de froment. Il y a de nombreuses variantes de cette sp\u00e9cialit\u00e9, [&hellip;]<\/p>\n","protected":false},"author":18,"featured_media":3037,"comment_status":"open","ping_status":"open","sticky":false,"template":"","format":"standard","meta":{"spay_email":"","jetpack_publicize_message":"","jetpack_is_tweetstorm":false,"jetpack_publicize_feature_enabled":true},"categories":[2],"tags":[111],"jetpack_featured_media_url":"https:\/\/i0.wp.com\/www.epicuria.fr\/wp-content\/uploads\/sites\/6\/2010\/03\/galette-bretonne-1.jpg?fit=800%2C600","jetpack_publicize_connections":[],"jetpack_sharing_enabled":true,"jetpack-related-posts":[{"id":2126,"url":"http:\/\/www.epicuria.fr\/index.php\/2010\/10\/24\/2126-galettes-de-morue-au-potiron\/","url_meta":{"origin":1259,"position":0},"title":"Galettes de morue au potiron","date":"24 octobre 2010","format":false,"excerpt":"A d\u00e9guster \u00e0 l'ap\u00e9ritif ou en entr\u00e9e : c'est d\u00e9licieux \u00e0 souhait !","rel":"","context":"Dans &quot;Actualit\u00e9&quot;","img":{"alt_text":"","src":"https:\/\/i0.wp.com\/www.epicuria.fr\/wp-content\/uploads\/sites\/6\/2010\/10\/galettes-de-morue-au-potiron-1.jpg?fit=400%2C300&resize=350%2C200","width":350,"height":200},"classes":[]},{"id":1583,"url":"http:\/\/www.epicuria.fr\/index.php\/2010\/06\/06\/1583-un-delice-de-parmentier\/","url_meta":{"origin":1259,"position":1},"title":"Un d\u00e9lice de Parmentier","date":"6 juin 2010","format":false,"excerpt":"Parmentier de boudin noir, pommes reinettes et galettes de quinoa... un joli plat o\u00f9 se m\u00e9langent \u00e0 merveille des saveurs sucr\u00e9es, sal\u00e9es et \u00e9pic\u00e9es. R\u00e9galez-vous ! Ingr\u00e9dients 500g de boudin noir 400g de pommes reinettes 200g de farine de quinoa 20cl de lait 10cl de cr\u00e8me fra\u00eeche 1 jaune d'\u0153uf\u2026","rel":"","context":"Dans &quot;Actualit\u00e9&quot;","img":{"alt_text":"","src":"","width":0,"height":0},"classes":[]},{"id":587,"url":"http:\/\/www.epicuria.fr\/index.php\/2009\/09\/24\/587-far-breton-aux-pruneaux\/","url_meta":{"origin":1259,"position":2},"title":"Far breton aux pruneaux","date":"24 septembre 2009","format":false,"excerpt":"Le Far est une recette de Bretagne, il s'appelle le farz fourn (far au four) en breton. Il existe plusieurs variantes de ce g\u00e2teau. Certains disent que le \"vrai\" far breton se doit de rester nature. Tout de m\u00eame il se marie \u00e0 merveille avec des pruneaux ou des raisins.\u2026","rel":"","context":"Dans &quot;Actualit\u00e9&quot;","img":{"alt_text":"","src":"https:\/\/i0.wp.com\/www.epicuria.fr\/wp-content\/uploads\/sites\/6\/2009\/09\/Far-breton-aux-pruneaux-1.jpg?fit=500%2C348&resize=350%2C200","width":350,"height":200},"classes":[]},{"id":806,"url":"http:\/\/www.epicuria.fr\/index.php\/2009\/11\/10\/806-muffins-cho-co-co\/","url_meta":{"origin":1259,"position":3},"title":"Muffins cho-co-co","date":"10 novembre 2009","format":false,"excerpt":"Les muffins sont de petits g\u00e2teaux individuels qui s'apparentent aux madeleines. Apparus au Pays de Galles aux alentours du XIe si\u00e8cle, ils sont tr\u00e8s r\u00e9pandus dans les pays anglo-saxons, principalement aux \u00c9tats-Unis. C'est donc une sp\u00e9cialit\u00e9 pas tout \u00e0 fait fran\u00e7aise mais qui s'adapte d\u00e9licieusement bien au go\u00fbt fran\u00e7ais ;-)\u2026","rel":"","context":"Dans &quot;Actualit\u00e9&quot;","img":{"alt_text":"","src":"https:\/\/i0.wp.com\/www.epicuria.fr\/wp-content\/uploads\/sites\/6\/2009\/11\/muffins-1.jpg?fit=500%2C247&resize=350%2C200","width":350,"height":200},"classes":[]},{"id":1981,"url":"http:\/\/www.epicuria.fr\/index.php\/2010\/09\/17\/1981-souffle-au-saumon-fume\/","url_meta":{"origin":1259,"position":4},"title":"Souffl\u00e9 au saumon fum\u00e9","date":"17 septembre 2010","format":false,"excerpt":"Une d\u00e9licieuse sp\u00e9cialit\u00e9 au saumon fum\u00e9 d\u00e9licatement parfum\u00e9e \u00e0 l'anis. \u00c7a change du traditionnel souffl\u00e9 : sans fromage et sans cr\u00e8me fra\u00eeche, il prend une texture plus laiteuse. Vous allez adorer ! Ingr\u00e9dients 20 g de farine 10 g de f\u00e9cule 30 g de beurre 4 \u0153ufs 20 cl de\u2026","rel":"","context":"Dans &quot;Actualit\u00e9&quot;","img":{"alt_text":"","src":"https:\/\/i0.wp.com\/www.epicuria.fr\/wp-content\/uploads\/sites\/6\/2010\/09\/souffle-au-saumon-1024x768.jpg?fit=1024%2C768&resize=350%2C200","width":350,"height":200},"classes":[]},{"id":2242,"url":"http:\/\/www.epicuria.fr\/index.php\/2010\/11\/07\/2242-clafoutis-aux-poires\/","url_meta":{"origin":1259,"position":5},"title":"Clafoutis aux Poires","date":"7 novembre 2010","format":false,"excerpt":"Tr\u00e8s facile \u00e0 r\u00e9aliser, le clafoutis se d\u00e9cline selon les saisons et les go\u00fbts avec toutes sortes de fruits. Voici notre recette d'un d\u00e9licieux Clafoutis aux poires. R\u00e9galez-vous ! Ingr\u00e9dients 4 poires bien m\u00fbres 4 \u0153ufs 20 cl de lait 100 g de farine 40 g de beurre sal\u00e9 +\u2026","rel":"","context":"Dans &quot;Actualit\u00e9&quot;","img":{"alt_text":"","src":"https:\/\/i0.wp.com\/www.epicuria.fr\/wp-content\/uploads\/sites\/6\/2010\/11\/clafoutis-aux-poires-1.jpg?fit=500%2C332&resize=350%2C200","width":350,"height":200},"classes":[]}],"_links":{"self":[{"href":"http:\/\/www.epicuria.fr\/index.php\/wp-json\/wp\/v2\/posts\/1259"}],"collection":[{"href":"http:\/\/www.epicuria.fr\/index.php\/wp-json\/wp\/v2\/posts"}],"about":[{"href":"http:\/\/www.epicuria.fr\/index.php\/wp-json\/wp\/v2\/types\/post"}],"author":[{"embeddable":true,"href":"http:\/\/www.epicuria.fr\/index.php\/wp-json\/wp\/v2\/users\/18"}],"replies":[{"embeddable":true,"href":"http:\/\/www.epicuria.fr\/index.php\/wp-json\/wp\/v2\/comments?post=1259"}],"version-history":[{"count":0,"href":"http:\/\/www.epicuria.fr\/index.php\/wp-json\/wp\/v2\/posts\/1259\/revisions"}],"wp:featuredmedia":[{"embeddable":true,"href":"http:\/\/www.epicuria.fr\/index.php\/wp-json\/wp\/v2\/media\/3037"}],"wp:attachment":[{"href":"http:\/\/www.epicuria.fr\/index.php\/wp-json\/wp\/v2\/media?parent=1259"}],"wp:term":[{"taxonomy":"category","embeddable":true,"href":"http:\/\/www.epicuria.fr\/index.php\/wp-json\/wp\/v2\/categories?post=1259"},{"taxonomy":"post_tag","embeddable":true,"href":"http:\/\/www.epicuria.fr\/index.php\/wp-json\/wp\/v2\/tags?post=1259"}],"curies":[{"name":"wp","href":"https:\/\/api.w.org\/{rel}","templated":true}]}}