{"id":1090,"date":"2010-01-30T15:05:08","date_gmt":"2010-01-30T13:05:08","guid":{"rendered":"http:\/\/www.epicuria.fr\/?p=1090"},"modified":"2010-01-30T15:05:08","modified_gmt":"2010-01-30T13:05:08","slug":"salade-de-surimi-aux-fregola","status":"publish","type":"post","link":"http:\/\/www.epicuria.fr\/index.php\/2010\/01\/30\/1090-salade-de-surimi-aux-fregola\/","title":{"rendered":"Salade de surimi aux fregola"},"content":{"rendered":"<p>En bouche, les fregola rappellent la texture du risotto, tout en \u00e9tant plus l\u00e9g\u00e8re et a\u00e9rienne. Lorsque vous h\u00e9sitez entre cuisiner un risotto ou des p\u00e2tes, les fregola sont le meilleur compromis ! <\/p>\n<p>Voici une excellente fa\u00e7on pour d\u00e9guster ces petites p\u00e2tes italiennes en forme de perle :<\/p>\n<p><strong>Ingr\u00e9dients (pour 4 personnes)<\/strong><\/p>\n<p>300g de p\u00e2tes Fregola<br \/>\nsurimi<br \/>\n1 c. \u00e0 s d&rsquo;huile d&rsquo;olive<br \/>\n\u00bd poireau<br \/>\n1 oignon vert<br \/>\n125 ml de petits pois<br \/>\n500 ml de haricots verts<br \/>\nun verre de vin blanc<br \/>\n25 cl de cr\u00e8me fra\u00eeche<br \/>\n125 ml de persil plat hach\u00e9<br \/>\nsel, poivre<br \/>\nparmesan<\/p>\n<p><img loading=\"lazy\" src=\"https:\/\/i0.wp.com\/epicuria.twivi.com\/wp-content\/uploads\/sites\/6\/2010\/01\/fregola_surimi-1.jpg?resize=400%2C357\" alt=\"fregola_surimi\" title=\"fregola_surimi\" width=\"400\" height=\"357\" class=\"aligncenter size-full wp-image-1091\" data-recalc-dims=\"1\" \/><\/p>\n<p><strong>Pr\u00e9paration<\/strong><\/p>\n<p>1.Dans une casserole, faire cuire la fregola dans un litre d&rsquo;eau bouillante sal\u00e9e pendant 15 minutes environ, tout en remuant de temps \u00e0 autre.<br \/>\n2.Hacher le demi poireau et l\u2019oignon vert.<br \/>\n3. Dans une po\u00eale, faire chauffer l&rsquo;huile d&rsquo;olive et faire cuire les l\u00e9gumes pendant 5 minutes (poireau, oignon vert, haricots verts, petits pois) Ils doivent rester croustillants.<br \/>\n4.Une fois les p\u00e2tes cuites (elles doivent \u00eatre encore un peu croquantes au centre), les \u00e9goutter. Puis les remettre dans la casserole et verser le vin et laisser r\u00e9duire de moiti\u00e9.<br \/>\n5.Ajouter les l\u00e9gumes et assaisonner au go\u00fbt.<br \/>\n6.Ajouter le surimi \u00e9miett\u00e9 et la cr\u00e8me. Bien m\u00e9langer et laisser mijoter 3 minutes<br \/>\n7.Servir accompagn\u00e9 de persil hach\u00e9 et de copeaux de parmesan.<\/p>\n","protected":false},"excerpt":{"rendered":"<p>En bouche, les fregola rappellent la texture du risotto, tout en \u00e9tant plus l\u00e9g\u00e8re et a\u00e9rienne. Lorsque vous h\u00e9sitez entre cuisiner un risotto ou des p\u00e2tes, les fregola sont le meilleur compromis ! Voici une excellente fa\u00e7on pour d\u00e9guster ces petites p\u00e2tes italiennes en forme de perle : Ingr\u00e9dients (pour 4 personnes) 300g de p\u00e2tes [&hellip;]<\/p>\n","protected":false},"author":18,"featured_media":3018,"comment_status":"open","ping_status":"open","sticky":false,"template":"","format":"standard","meta":{"spay_email":"","jetpack_publicize_message":"","jetpack_is_tweetstorm":false,"jetpack_publicize_feature_enabled":true},"categories":[2,6],"tags":[106,259],"jetpack_featured_media_url":"https:\/\/i0.wp.com\/www.epicuria.fr\/wp-content\/uploads\/sites\/6\/2010\/01\/fregola_surimi-1.jpg?fit=400%2C357","jetpack_publicize_connections":[],"jetpack_sharing_enabled":true,"jetpack-related-posts":[{"id":1095,"url":"http:\/\/www.epicuria.fr\/index.php\/2010\/01\/31\/1095-fregola-au-poulet\/","url_meta":{"origin":1090,"position":0},"title":"Fregola au poulet","date":"31 janvier 2010","format":false,"excerpt":"Utiliser les fregola en risotto...c'est assur\u00e9ment une recette gagnante. Ajouter de poulet et des l\u00e9gumes...c'est un vrai r\u00e9gal ! 1 oignon hach\u00e9 1 gousse d'ail hach\u00e9e 1 cuill\u00e8re \u00e0 th\u00e9 de thym s\u00e9ch\u00e9 3 cuill\u00e8res \u00e0 table d'huile d'olive 250 g de fregola 125 ml de porto 500 g de\u2026","rel":"","context":"Dans &quot;Actualit\u00e9&quot;","img":{"alt_text":"","src":"https:\/\/i0.wp.com\/www.epicuria.fr\/wp-content\/uploads\/sites\/6\/2010\/01\/fregola-poulet-1.jpg?fit=500%2C375&resize=350%2C200","width":350,"height":200},"classes":[]},{"id":1287,"url":"http:\/\/www.epicuria.fr\/index.php\/2010\/03\/27\/1287-mouna-de-paques\/","url_meta":{"origin":1090,"position":1},"title":"Mouna de P\u00e2ques","date":"27 mars 2010","format":false,"excerpt":"La mouna ou mona est une brioche en forme de d\u00f4me ou de couronne de la cuisine pied-noir, originaire d'Oranie et particuli\u00e8rement d'Oran, qui est traditionnellement confectionn\u00e9e pour les f\u00eates de P\u00e2ques. Sa d\u00e9gustation est entr\u00e9e dans le midi de la France, dans les ann\u00e9es 1960, avec le rapatriement des\u2026","rel":"","context":"Dans &quot;Actualit\u00e9&quot;","img":{"alt_text":"","src":"https:\/\/i0.wp.com\/www.epicuria.fr\/wp-content\/uploads\/sites\/6\/2010\/03\/mouna-de-paques-1.jpg?fit=500%2C375&resize=350%2C200","width":350,"height":200},"classes":[]},{"id":139,"url":"http:\/\/www.epicuria.fr\/index.php\/2009\/06\/05\/139-risotto-asperges-parmesan\/","url_meta":{"origin":1090,"position":2},"title":"Risotto asperges &amp; parmesan","date":"5 juin 2009","format":false,"excerpt":"Voici une recette de risotto simple et d\u00e9licieuse !","rel":"","context":"Dans &quot;Recettes&quot;","img":{"alt_text":"","src":"https:\/\/i0.wp.com\/www.epicuria.fr\/wp-content\/uploads\/sites\/6\/2009\/06\/risotto_asperge_parmesan-1.jpg?fit=500%2C375&resize=350%2C200","width":350,"height":200},"classes":[]},{"id":1558,"url":"http:\/\/www.epicuria.fr\/index.php\/2010\/05\/31\/1558-risotto-de-quinoa\/","url_meta":{"origin":1090,"position":3},"title":"Risotto de quinoa","date":"31 mai 2010","format":false,"excerpt":"Une recette qui change du risotto traditionnel.","rel":"","context":"Dans &quot;Actualit\u00e9&quot;","img":{"alt_text":"","src":"https:\/\/i0.wp.com\/www.epicuria.fr\/wp-content\/uploads\/sites\/6\/2010\/05\/risotto-de-quinoa-1.jpg?fit=375%2C500&resize=350%2C200","width":350,"height":200},"classes":[]},{"id":485,"url":"http:\/\/www.epicuria.fr\/index.php\/2009\/08\/20\/485-risotto-aux-crevettes\/","url_meta":{"origin":1090,"position":4},"title":"Risotto aux crevettes","date":"20 ao\u00fbt 2009","format":false,"excerpt":"Les crevettes se marient \u00e0 merveille avec le risotto au safran. Une recette \u00e0 tester au plus vite ! Ingr\u00e9dients (pour 4 personnes) 750 g de crevettes (300 g \u00e9pluch\u00e9es) 2\/3 de tasse de vin blanc sec 2 cuill\u00e8res \u00e0 soupe de beurre 3 tasses de riz pour risotto 1\u2026","rel":"","context":"Dans &quot;Actualit\u00e9&quot;","img":{"alt_text":"","src":"https:\/\/i0.wp.com\/www.epicuria.fr\/wp-content\/uploads\/sites\/6\/2009\/08\/risotto_crevette_safran-1.jpg?fit=500%2C375&resize=350%2C200","width":350,"height":200},"classes":[]},{"id":1627,"url":"http:\/\/www.epicuria.fr\/index.php\/2010\/06\/12\/1627-risotto-aux-feves-et-aux-petits-pois\/","url_meta":{"origin":1090,"position":5},"title":"Risotto aux f\u00e8ves et aux petits pois","date":"12 juin 2010","format":false,"excerpt":"L\u00e9ger et simple \u00e0 faire !","rel":"","context":"Dans &quot;Actualit\u00e9&quot;","img":{"alt_text":"","src":"https:\/\/i0.wp.com\/www.epicuria.fr\/wp-content\/uploads\/sites\/6\/2010\/06\/risotto-aux-feves-et-aux-petits-pois-1.jpg?fit=500%2C429&resize=350%2C200","width":350,"height":200},"classes":[]}],"_links":{"self":[{"href":"http:\/\/www.epicuria.fr\/index.php\/wp-json\/wp\/v2\/posts\/1090"}],"collection":[{"href":"http:\/\/www.epicuria.fr\/index.php\/wp-json\/wp\/v2\/posts"}],"about":[{"href":"http:\/\/www.epicuria.fr\/index.php\/wp-json\/wp\/v2\/types\/post"}],"author":[{"embeddable":true,"href":"http:\/\/www.epicuria.fr\/index.php\/wp-json\/wp\/v2\/users\/18"}],"replies":[{"embeddable":true,"href":"http:\/\/www.epicuria.fr\/index.php\/wp-json\/wp\/v2\/comments?post=1090"}],"version-history":[{"count":0,"href":"http:\/\/www.epicuria.fr\/index.php\/wp-json\/wp\/v2\/posts\/1090\/revisions"}],"wp:featuredmedia":[{"embeddable":true,"href":"http:\/\/www.epicuria.fr\/index.php\/wp-json\/wp\/v2\/media\/3018"}],"wp:attachment":[{"href":"http:\/\/www.epicuria.fr\/index.php\/wp-json\/wp\/v2\/media?parent=1090"}],"wp:term":[{"taxonomy":"category","embeddable":true,"href":"http:\/\/www.epicuria.fr\/index.php\/wp-json\/wp\/v2\/categories?post=1090"},{"taxonomy":"post_tag","embeddable":true,"href":"http:\/\/www.epicuria.fr\/index.php\/wp-json\/wp\/v2\/tags?post=1090"}],"curies":[{"name":"wp","href":"https:\/\/api.w.org\/{rel}","templated":true}]}}